{"id":1273,"date":"2022-05-02T16:00:38","date_gmt":"2022-05-02T14:00:38","guid":{"rendered":"https:\/\/www.counterrisk.eu\/?p=1273"},"modified":"2022-05-02T16:05:53","modified_gmt":"2022-05-02T14:05:53","slug":"proxima-actividad-de-formacion-conjunta-de-corta-duracion-para-el-personal-del-proyecto-counterrisk","status":"publish","type":"post","link":"https:\/\/www.counterrisk.eu\/es\/2022\/05\/proxima-actividad-de-formacion-conjunta-de-corta-duracion-para-el-personal-del-proyecto-counterrisk\/","title":{"rendered":"PR\u00d3XIMA ACTIVIDAD DE FORMACI\u00d3N CONJUNTA DE CORTA DURACI\u00d3N PARA EL PERSONAL DEL PROYECTO COUNTERRISK"},"content":{"rendered":"<p>Del 9 al 13 de mayo tendr\u00e1 lugar un evento de intercambio de conocimientos y experiencia entre el personal de las organizaciones que est\u00e1n desarrollando los productos intelectuales en el marco del proyecto. Este evento tendr\u00e1 lugar en el Centro de Estudio Internacional de la Propiedad Intelectual, CEIPI, de la Universidad de Estrasburgo (Francia).<\/p>\n<p><!--more--><\/p>\n<p>Esta actividad formativa estar\u00e1 enfocada a los conocimientos clave para las empresas a la hora de proteger sus productos y su marca, por lo que se abordar\u00e1n, entre otros, los aspectos legales de la propiedad intelectual e industrial, el blockchain aplicado a la protecci\u00f3n de producto y la empresa, y las regulaciones en materia de seguridad de producto infantil que deben cumplir los operadores econ\u00f3micos. Los resultados y conclusiones de este evento formativo ser\u00e1n compartidos de forma p\u00fablica a trav\u00e9s de la p\u00e1gina web del proyecto <a href=\"http:\/\/www.counterrisk.eu\">www.counterrisk.eu<\/a><\/p>\n<p><img loading=\"lazy\" decoding=\"async\" class=\"aligncenter wp-image-1274\" src=\"https:\/\/www.counterrisk.eu\/wp-content\/uploads\/2022\/05\/Noticia_CEIPI-1.jpg\" alt=\"\" width=\"600\" height=\"405\" \/><\/p>\n<p><img loading=\"lazy\" decoding=\"async\" class=\"aligncenter wp-image-1279\" src=\"https:\/\/www.counterrisk.eu\/wp-content\/uploads\/2022\/05\/Noticia_CEIPI-2-300x62.jpg\" alt=\"\" width=\"600\" height=\"125\" srcset=\"https:\/\/www.counterrisk.eu\/wp-content\/uploads\/2022\/05\/Noticia_CEIPI-2-300x62.jpg 300w, https:\/\/www.counterrisk.eu\/wp-content\/uploads\/2022\/05\/Noticia_CEIPI-2.jpg 318w\" sizes=\"auto, (max-width: 600px) 100vw, 600px\" \/><\/p>\n","protected":false},"excerpt":{"rendered":"<p>Del 9 al 13 de mayo tendr\u00e1 lugar un evento de intercambio de conocimientos y experiencia entre el personal de las organizaciones que est\u00e1n desarrollando los productos intelectuales en el marco del proyecto. Este evento tendr\u00e1 lugar en el Centro de Estudio Internacional de la Propiedad Intelectual, CEIPI, de la Universidad de Estrasburgo (Francia).<\/p>\n","protected":false},"author":2,"featured_media":1274,"comment_status":"closed","ping_status":"closed","sticky":false,"template":"","format":"standard","meta":{"footnotes":""},"categories":[1],"tags":[10,20],"class_list":["post-1273","post","type-post","status-publish","format-standard","has-post-thumbnail","hentry","category-sin-categorizar","tag-counterrisk","tag-formacion"],"_links":{"self":[{"href":"https:\/\/www.counterrisk.eu\/es\/wp-json\/wp\/v2\/posts\/1273","targetHints":{"allow":["GET"]}}],"collection":[{"href":"https:\/\/www.counterrisk.eu\/es\/wp-json\/wp\/v2\/posts"}],"about":[{"href":"https:\/\/www.counterrisk.eu\/es\/wp-json\/wp\/v2\/types\/post"}],"author":[{"embeddable":true,"href":"https:\/\/www.counterrisk.eu\/es\/wp-json\/wp\/v2\/users\/2"}],"replies":[{"embeddable":true,"href":"https:\/\/www.counterrisk.eu\/es\/wp-json\/wp\/v2\/comments?post=1273"}],"version-history":[{"count":5,"href":"https:\/\/www.counterrisk.eu\/es\/wp-json\/wp\/v2\/posts\/1273\/revisions"}],"predecessor-version":[{"id":1289,"href":"https:\/\/www.counterrisk.eu\/es\/wp-json\/wp\/v2\/posts\/1273\/revisions\/1289"}],"wp:featuredmedia":[{"embeddable":true,"href":"https:\/\/www.counterrisk.eu\/es\/wp-json\/wp\/v2\/media\/1274"}],"wp:attachment":[{"href":"https:\/\/www.counterrisk.eu\/es\/wp-json\/wp\/v2\/media?parent=1273"}],"wp:term":[{"taxonomy":"category","embeddable":true,"href":"https:\/\/www.counterrisk.eu\/es\/wp-json\/wp\/v2\/categories?post=1273"},{"taxonomy":"post_tag","embeddable":true,"href":"https:\/\/www.counterrisk.eu\/es\/wp-json\/wp\/v2\/tags?post=1273"}],"curies":[{"name":"wp","href":"https:\/\/api.w.org\/{rel}","templated":true}]}}