{"id":1555,"date":"2022-09-12T10:02:57","date_gmt":"2022-09-12T08:02:57","guid":{"rendered":"https:\/\/www.counterrisk.eu\/?p=1555"},"modified":"2022-09-12T10:34:23","modified_gmt":"2022-09-12T08:34:23","slug":"resultados-del-evento-de-formacion-de-corta-duracion-c1-celebrado-en-ceipi-estrasburgo","status":"publish","type":"post","link":"https:\/\/www.counterrisk.eu\/es\/2022\/09\/resultados-del-evento-de-formacion-de-corta-duracion-c1-celebrado-en-ceipi-estrasburgo\/","title":{"rendered":"Resultados del evento de formaci\u00f3n de corta duraci\u00f3n C1 celebrado en CEIPI (Estrasburgo)"},"content":{"rendered":"<p><span style=\"color: #333333;\">Los d\u00edas 10, 11 y 12 de mayo 2022 tuvo lugar el evento de formaci\u00f3n de corta duraci\u00f3n para el personal del proyecto CounterRisk en el Centro de Estudio Internacional de la Propiedad Intelectual, CEIPI, de la Universidad de Estrasburgo (Francia). \u00a0<\/span><\/p>\n<p><!--more--><\/p>\n<p><span style=\"color: #333333;\">En el siguiente link puedes descargarte los materiales y conclusiones del evento organizado por CEIPI, en el que los participantes intercambiaron conocimientos en seguridad de producto infantil, protecci\u00f3n del consumidor, nuevas tecnolog\u00edas para la lucha contra las falsificaciones, el marco legal de la propiedad intelectual en Europa y la realidad de la pyme del sector de productos infantiles.<\/span><\/p>\n<p><span style=\"color: #333333;\">Acceso de los materiales:<\/span><strong>\u00a0<a href=\"https:\/\/bit.ly\/3cKLD1W\" target=\"_blank\" rel=\"noopener\">https:\/\/bit.ly\/3cKLD1W<\/a><\/strong><\/p>\n<p><span style=\"color: #333333;\">Tras la actividad, se llev\u00f3 a cabo una encuesta para la evaluaci\u00f3n de la calidad del evento formativo por parte de los participantes. Los resultados de la encuesta demuestran el \u00e9xito de la actividad formativa y el alto grado de satisfacci\u00f3n general obtenido por parte de los asistentes, especialmente en cuanto a contenido, duraci\u00f3n y c\u00f3mo esta formaci\u00f3n contribu\u00eda a la consecuci\u00f3n de objetivos del proyecto.\u00a0<\/span><\/p>\n","protected":false},"excerpt":{"rendered":"<p>Los d\u00edas 10, 11 y 12 de mayo 2022 tuvo lugar el evento de formaci\u00f3n de corta duraci\u00f3n para el personal del proyecto CounterRisk en el Centro de Estudio Internacional de la Propiedad Intelectual, CEIPI, de la Universidad de Estrasburgo (Francia). \u00a0<\/p>\n","protected":false},"author":2,"featured_media":1550,"comment_status":"closed","ping_status":"closed","sticky":false,"template":"","format":"standard","meta":{"footnotes":""},"categories":[1],"tags":[10,25,23,11],"class_list":["post-1555","post","type-post","status-publish","format-standard","has-post-thumbnail","hentry","category-sin-categorizar","tag-counterrisk","tag-counterrisk-nooc","tag-nooc","tag-seguridad-infantil"],"_links":{"self":[{"href":"https:\/\/www.counterrisk.eu\/es\/wp-json\/wp\/v2\/posts\/1555","targetHints":{"allow":["GET"]}}],"collection":[{"href":"https:\/\/www.counterrisk.eu\/es\/wp-json\/wp\/v2\/posts"}],"about":[{"href":"https:\/\/www.counterrisk.eu\/es\/wp-json\/wp\/v2\/types\/post"}],"author":[{"embeddable":true,"href":"https:\/\/www.counterrisk.eu\/es\/wp-json\/wp\/v2\/users\/2"}],"replies":[{"embeddable":true,"href":"https:\/\/www.counterrisk.eu\/es\/wp-json\/wp\/v2\/comments?post=1555"}],"version-history":[{"count":12,"href":"https:\/\/www.counterrisk.eu\/es\/wp-json\/wp\/v2\/posts\/1555\/revisions"}],"predecessor-version":[{"id":1601,"href":"https:\/\/www.counterrisk.eu\/es\/wp-json\/wp\/v2\/posts\/1555\/revisions\/1601"}],"wp:featuredmedia":[{"embeddable":true,"href":"https:\/\/www.counterrisk.eu\/es\/wp-json\/wp\/v2\/media\/1550"}],"wp:attachment":[{"href":"https:\/\/www.counterrisk.eu\/es\/wp-json\/wp\/v2\/media?parent=1555"}],"wp:term":[{"taxonomy":"category","embeddable":true,"href":"https:\/\/www.counterrisk.eu\/es\/wp-json\/wp\/v2\/categories?post=1555"},{"taxonomy":"post_tag","embeddable":true,"href":"https:\/\/www.counterrisk.eu\/es\/wp-json\/wp\/v2\/tags?post=1555"}],"curies":[{"name":"wp","href":"https:\/\/api.w.org\/{rel}","templated":true}]}}