{"id":2000,"date":"2023-01-23T14:24:52","date_gmt":"2023-01-23T13:24:52","guid":{"rendered":"https:\/\/www.counterrisk.eu\/?p=2000"},"modified":"2023-01-23T16:21:50","modified_gmt":"2023-01-23T15:21:50","slug":"ya-te-puedes-inscribir-al-evento-final-del-proyecto","status":"publish","type":"post","link":"https:\/\/www.counterrisk.eu\/es\/2023\/01\/ya-te-puedes-inscribir-al-evento-final-del-proyecto\/","title":{"rendered":"Ya te puedes inscribir al evento final del proyecto"},"content":{"rendered":"<p><span data-contrast=\"auto\">La lucha contra las falsificaciones de los productos infantiles y la concienciaci\u00f3n sobre los riesgos que entra\u00f1an son los pilares fundamentales del proyecto CounterRisk. Estas preocupaciones toman especial relevancia si tenemos en consideraci\u00f3n que estos productos falsificados entra\u00f1an peligros tanto para la salud y seguridad de los ni\u00f1os y sus familias, y repercuten de forma negativa en el medio ambiente y la sociedad en general.<\/span><span data-ccp-props=\"{&quot;201341983&quot;:0,&quot;335551550&quot;:6,&quot;335551620&quot;:6,&quot;335559739&quot;:160,&quot;335559740&quot;:259}\">\u00a0<\/span><\/p>\n<p><span data-contrast=\"auto\">Partiendo de estas premisas, el d\u00eda<\/span><b><span data-contrast=\"auto\"> 16 de marzo 2023 <\/span><\/b><span data-contrast=\"auto\">tendr\u00e1 lugar el evento multiplicador final del proyecto <\/span><b><span data-contrast=\"auto\">\u201c<\/span><\/b><b><i><span data-contrast=\"auto\">Nuevo marco legal europeo para los productos de consumo. Implicaciones para la seguridad de los productos infantiles\u201d <\/span><\/i><\/b><span data-contrast=\"auto\">donde presentaremos las herramientas CounterRisk. <\/span><span data-ccp-props=\"{&quot;201341983&quot;:0,&quot;335551550&quot;:6,&quot;335551620&quot;:6,&quot;335559739&quot;:160,&quot;335559740&quot;:259}\">\u00a0<\/span><\/p>\n<p><span data-contrast=\"auto\">El evento estar\u00e1 dividido en tres bloques tem\u00e1ticos: 1. CONSUMIDORES 2. SEGURIDAD DE PRODUCTO y\u00a03. PROPIEDAD INTELECTUAL Y NUEVAS TECNOLOG\u00cdAS. <\/span><span data-ccp-props=\"{&quot;201341983&quot;:0,&quot;335551550&quot;:6,&quot;335551620&quot;:6,&quot;335559739&quot;:160,&quot;335559740&quot;:259}\">\u00a0<\/span><\/p>\n<p><span data-contrast=\"auto\">La jornada culminar\u00e1 con la presentaci\u00f3n de los nano cursos en formato NOOC desarrollados a lo largo del proyecto. <\/span><span data-ccp-props=\"{&quot;201341983&quot;:0,&quot;335551550&quot;:6,&quot;335551620&quot;:6,&quot;335559739&quot;:160,&quot;335559740&quot;:259}\">\u00a0<\/span><\/p>\n<p><span data-contrast=\"auto\">De esta forma, los asistentes a la jornada conocer\u00e1n los riesgos de los productos infantiles falsificados; conocer\u00e1n las nuevas tendencias legislativas en seguridad de producto infantil, as\u00ed como el valor de la propiedad intelectual e industrial y la aplicaci\u00f3n de las nuevas tecnolog\u00edas para la mejora de la seguridad y la protecci\u00f3n de la marca.\u00a0 <\/span><span data-ccp-props=\"{&quot;201341983&quot;:0,&quot;335551550&quot;:6,&quot;335551620&quot;:6,&quot;335559739&quot;:160,&quot;335559740&quot;:259}\">\u00a0<\/span><\/p>\n<p><span data-contrast=\"auto\">Si trabajas en el sector de los productos de consumo o en el \u00e1mbito de la educaci\u00f3n y concienciaci\u00f3n de los consumidores, este evento te interesa:<\/span><span data-ccp-props=\"{&quot;201341983&quot;:0,&quot;335551550&quot;:6,&quot;335551620&quot;:6,&quot;335559739&quot;:160,&quot;335559740&quot;:259}\">\u00a0<\/span><\/p>\n<p><span data-contrast=\"auto\">\u00bfCu\u00e1ndo? El 16 de marzo de 2023 por la ma\u00f1ana<\/span><span data-ccp-props=\"{&quot;201341983&quot;:0,&quot;335551550&quot;:6,&quot;335551620&quot;:6,&quot;335559739&quot;:160,&quot;335559740&quot;:259}\">\u00a0<\/span><\/p>\n<p><span data-contrast=\"auto\">\u00bfD\u00f3nde?\u00a0<\/span><b><span data-contrast=\"auto\">Hotel Spa Porta Maris en Alicante<\/span><\/b><span data-contrast=\"auto\">, Plaza Puerta del Mar 3. <\/span><span data-ccp-props=\"{&quot;201341983&quot;:0,&quot;335551550&quot;:6,&quot;335551620&quot;:6,&quot;335559739&quot;:160,&quot;335559740&quot;:259}\">\u00a0<\/span><\/p>\n<p><span data-contrast=\"auto\">Jornada gratuita, limitada al aforo de la sala. Disponible\u00a0interpretaci\u00f3n simult\u00e1nea ingl\u00e9s-espa\u00f1ol.\u00a0<\/span><span data-ccp-props=\"{&quot;201341983&quot;:0,&quot;335551550&quot;:6,&quot;335551620&quot;:6,&quot;335559739&quot;:160,&quot;335559740&quot;:259}\">\u00a0<\/span><\/p>\n<p><span data-contrast=\"auto\">Programa e inscripciones ya disponibles en: <\/span><a href=\"https:\/\/bit.ly\/3kD8vEl\"><span data-contrast=\"none\">https:\/\/bit.ly\/3R2cJBC<\/span> <span data-ccp-props=\"{&quot;201341983&quot;:0,&quot;335551550&quot;:6,&quot;335551620&quot;:6,&quot;335559739&quot;:160,&quot;335559740&quot;:259}\">\u00a0<\/span><\/a><\/p>\n<p><span data-contrast=\"auto\">Si quieres m\u00e1s informaci\u00f3n escr\u00edbenos a: <\/span><a href=\"mailto:proyectosseguridad@aiju.es\"><span data-contrast=\"none\">proyectosseguridad@aiju.es<\/span><\/a><span data-ccp-props=\"{&quot;201341983&quot;:0,&quot;335559739&quot;:160,&quot;335559740&quot;:259}\">\u00a0<\/span><\/p>\n","protected":false},"excerpt":{"rendered":"<p>La lucha contra las falsificaciones de los productos infantiles y la concienciaci\u00f3n sobre los riesgos que entra\u00f1an son los pilares fundamentales del proyecto CounterRisk. Estas preocupaciones toman especial relevancia si tenemos en consideraci\u00f3n que estos productos falsificados entra\u00f1an peligros tanto para la salud y seguridad de los ni\u00f1os y sus familias, y repercuten de forma negativa en el medio ambiente y la sociedad en general.\u00a0 Partiendo de estas premisas, el d\u00eda 16 de marzo 2023 tendr\u00e1 lugar el evento multiplicador final del proyecto \u201cNuevo marco legal europeo para los productos de consumo. Implicaciones para la seguridad de los productos infantiles\u201d donde presentaremos las herramientas CounterRisk. \u00a0 El evento estar\u00e1 dividido en tres bloques tem\u00e1ticos: 1. CONSUMIDORES 2. SEGURIDAD DE PRODUCTO y\u00a03. PROPIEDAD INTELECTUAL Y NUEVAS TECNOLOG\u00cdAS. \u00a0 La jornada culminar\u00e1 con la presentaci\u00f3n de los nano cursos en formato NOOC desarrollados a lo largo del proyecto. \u00a0 De esta forma, los asistentes a la jornada conocer\u00e1n los riesgos de los productos infantiles falsificados; conocer\u00e1n las nuevas tendencias legislativas en seguridad de producto infantil, as\u00ed como el valor de la propiedad intelectual e industrial y la aplicaci\u00f3n de las nuevas tecnolog\u00edas para la mejora de la seguridad y la protecci\u00f3n de [&hellip;]<\/p>\n","protected":false},"author":2,"featured_media":2006,"comment_status":"closed","ping_status":"closed","sticky":false,"template":"","format":"standard","meta":{"footnotes":""},"categories":[1],"tags":[22,10,12,37,23,11],"class_list":["post-2000","post","type-post","status-publish","format-standard","has-post-thumbnail","hentry","category-sin-categorizar","tag-blockchain","tag-counterrisk","tag-erasmusplus","tag-evento","tag-nooc","tag-seguridad-infantil"],"_links":{"self":[{"href":"https:\/\/www.counterrisk.eu\/es\/wp-json\/wp\/v2\/posts\/2000","targetHints":{"allow":["GET"]}}],"collection":[{"href":"https:\/\/www.counterrisk.eu\/es\/wp-json\/wp\/v2\/posts"}],"about":[{"href":"https:\/\/www.counterrisk.eu\/es\/wp-json\/wp\/v2\/types\/post"}],"author":[{"embeddable":true,"href":"https:\/\/www.counterrisk.eu\/es\/wp-json\/wp\/v2\/users\/2"}],"replies":[{"embeddable":true,"href":"https:\/\/www.counterrisk.eu\/es\/wp-json\/wp\/v2\/comments?post=2000"}],"version-history":[{"count":2,"href":"https:\/\/www.counterrisk.eu\/es\/wp-json\/wp\/v2\/posts\/2000\/revisions"}],"predecessor-version":[{"id":2012,"href":"https:\/\/www.counterrisk.eu\/es\/wp-json\/wp\/v2\/posts\/2000\/revisions\/2012"}],"wp:featuredmedia":[{"embeddable":true,"href":"https:\/\/www.counterrisk.eu\/es\/wp-json\/wp\/v2\/media\/2006"}],"wp:attachment":[{"href":"https:\/\/www.counterrisk.eu\/es\/wp-json\/wp\/v2\/media?parent=2000"}],"wp:term":[{"taxonomy":"category","embeddable":true,"href":"https:\/\/www.counterrisk.eu\/es\/wp-json\/wp\/v2\/categories?post=2000"},{"taxonomy":"post_tag","embeddable":true,"href":"https:\/\/www.counterrisk.eu\/es\/wp-json\/wp\/v2\/tags?post=2000"}],"curies":[{"name":"wp","href":"https:\/\/api.w.org\/{rel}","templated":true}]}}